{"id":745,"date":"1947-01-03T12:00:29","date_gmt":"1947-01-03T11:00:29","guid":{"rendered":"https:\/\/circus-knie-fan.ch\/kniepedia?p=745"},"modified":"2023-06-14T13:45:21","modified_gmt":"2023-06-14T12:45:21","slug":"1947-ein-neues-tolles-programm","status":"publish","type":"post","link":"https:\/\/circus-knie-fan.ch\/kniepedia\/1947-ein-neues-tolles-programm\/","title":{"rendered":"1947 \u00b7 Ein neues, tolles Programm"},"content":{"rendered":"<p><a href=\"https:\/\/circus-knie-fan.ch\/kniepedia\/wp-content\/uploads\/1940\/01\/Tour_1947.pdf\" target=\"_blank\" rel=\"noopener\"><img loading=\"lazy\" decoding=\"async\" class=\"size-full wp-image-31051 aligncenter\" src=\"https:\/\/circus-knie-fan.ch\/kniepedia\/wp-content\/uploads\/1959\/01\/Hinweispfeil_Grossschrift_150.jpg\" alt=\"\" width=\"591\" height=\"205\" srcset=\"https:\/\/circus-knie-fan.ch\/kniepedia\/wp-content\/uploads\/1959\/01\/Hinweispfeil_Grossschrift_150.jpg 591w, https:\/\/circus-knie-fan.ch\/kniepedia\/wp-content\/uploads\/1959\/01\/Hinweispfeil_Grossschrift_150-300x104.jpg 300w\" sizes=\"auto, (max-width: 591px) 100vw, 591px\" \/><\/a><\/p>\n<p>Bildgalerei: Neue Hauptfassade f\u00fcr die Jahre 1947 und 1948. Aufnahmen aus Gen\u00e8ve. Fotograf: Max Kettel, Gen\u00e8ve \u00a9 Archiv Circus KNIE<br \/>\nAnmerkung: Anhand weiterer Luftnahmen k\u00f6nnte es sogar sein, dass diese Fassade ausschliesslich in den Grossst\u00e4dten aufgestellt wurde&#8230;<\/p>\nngg_shortcode_0_placeholder\n<hr>\n<p>Video \u00abKNIE kommt 1947 nach Olten\u00bb<br \/>\n<a href=\"https:\/\/www.youtube.com\/watch?v=XdEVca8B4yI&amp;list=PLV28gCzT-dw9OcPtbm7El9Tq5lnn0t9ao\" target=\"_blank\" rel=\"noopener\"><img loading=\"lazy\" decoding=\"async\" class=\"alignnone size-full wp-image-41956\" src=\"https:\/\/circus-knie-fan.ch\/kniepedia\/wp-content\/uploads\/1947\/01\/Klappe_Olten_1947-e1637767173708.jpg\" alt=\"\" width=\"145\" height=\"150\"><\/a><\/p>\n","protected":false},"excerpt":{"rendered":"<p>Bildgalerei: Neue Hauptfassade f\u00fcr die Jahre 1947 und 1948. Aufnahmen aus Gen\u00e8ve. Fotograf: Max Kettel, Gen\u00e8ve \u00a9 Archiv Circus KNIE Anmerkung: Anhand weiterer Luftnahmen k\u00f6nnte es sogar sein, dass diese Fassade ausschliesslich in den Grossst\u00e4dten aufgestellt wurde&#8230; Video \u00abKNIE kommt&#8230; <a class=\"more-link\" href=\"https:\/\/circus-knie-fan.ch\/kniepedia\/1947-ein-neues-tolles-programm\/\">Weiterlesen &rarr;<\/a><\/p>\n","protected":false},"author":1,"featured_media":746,"comment_status":"closed","ping_status":"closed","sticky":false,"template":"","format":"standard","meta":{"_crdt_document":"","ngg_post_thumbnail":0,"footnotes":""},"categories":[1964],"tags":[2344,2203,3015,2822,2960],"class_list":["post-745","post","type-post","status-publish","format-standard","has-post-thumbnail","hentry","category-1964","tag-genf","tag-motto","tag-olten","tag-tourneeliste","tag-video"],"_links":{"self":[{"href":"https:\/\/circus-knie-fan.ch\/kniepedia\/wp-json\/wp\/v2\/posts\/745","targetHints":{"allow":["GET"]}}],"collection":[{"href":"https:\/\/circus-knie-fan.ch\/kniepedia\/wp-json\/wp\/v2\/posts"}],"about":[{"href":"https:\/\/circus-knie-fan.ch\/kniepedia\/wp-json\/wp\/v2\/types\/post"}],"author":[{"embeddable":true,"href":"https:\/\/circus-knie-fan.ch\/kniepedia\/wp-json\/wp\/v2\/users\/1"}],"replies":[{"embeddable":true,"href":"https:\/\/circus-knie-fan.ch\/kniepedia\/wp-json\/wp\/v2\/comments?post=745"}],"version-history":[{"count":14,"href":"https:\/\/circus-knie-fan.ch\/kniepedia\/wp-json\/wp\/v2\/posts\/745\/revisions"}],"predecessor-version":[{"id":47267,"href":"https:\/\/circus-knie-fan.ch\/kniepedia\/wp-json\/wp\/v2\/posts\/745\/revisions\/47267"}],"wp:featuredmedia":[{"embeddable":true,"href":"https:\/\/circus-knie-fan.ch\/kniepedia\/wp-json\/wp\/v2\/media\/746"}],"wp:attachment":[{"href":"https:\/\/circus-knie-fan.ch\/kniepedia\/wp-json\/wp\/v2\/media?parent=745"}],"wp:term":[{"taxonomy":"category","embeddable":true,"href":"https:\/\/circus-knie-fan.ch\/kniepedia\/wp-json\/wp\/v2\/categories?post=745"},{"taxonomy":"post_tag","embeddable":true,"href":"https:\/\/circus-knie-fan.ch\/kniepedia\/wp-json\/wp\/v2\/tags?post=745"}],"curies":[{"name":"wp","href":"https:\/\/api.w.org\/{rel}","templated":true}]}}