{"id":41390,"date":"1985-01-03T10:45:05","date_gmt":"1985-01-03T09:45:05","guid":{"rendered":"https:\/\/circus-knie-fan.ch\/kniepedia?p=41390"},"modified":"2021-08-30T16:11:43","modified_gmt":"2021-08-30T15:11:43","slug":"kindercircus-1985","status":"publish","type":"post","link":"https:\/\/circus-knie-fan.ch\/kniepedia\/kindercircus-1985\/","title":{"rendered":"Kindercircus 1985"},"content":{"rendered":"<p>\u00abKinder spielen Circus\u00bb: Kindercircus-Vorstellungen finden jeweils am Sonntagmorgen um 11:00h in Z\u00fcrich, Basel, Bern, Genf und Lausanne statt.<br \/>\n01. Opening Orchester unter der Leitung von Reto Parolari<br \/>\n02. Yvonne L\u00fcbben (Tochter von Elfi und Dieter L\u00fcbben\/Lubino) f\u00fchrt 3 Kamele, ein Lama und ein K\u00e4nguru ins Rund<br \/>\n03. Hohe Schule mit <strong>G\u00e9raldine-Katharina Knie<\/strong><br \/>\n04. Freiheit mit 5 Lipizzanern, ebenfalls mit <strong>G\u00e9raldine-Katharina Knie<\/strong><br \/>\n05. Elefantendressur mit <strong>Louis Knie jun.<\/strong><br \/>\n06. Roberto Quiros auf dem Drahtseil<br \/>\n07. Jasmin Neeser (Brigitte und M\u00e4ni Neeser) am Vertikalseil<br \/>\n08. Reprisen mit Ramon Neeser (Brigitte und M\u00e4ni Neeser) und den Geschwistern Oliver und Sabine Keller (Ilona und Gerhard Keller, Chefelektriker)<\/p>\n","protected":false},"excerpt":{"rendered":"<p>\u00abKinder spielen Circus\u00bb: Kindercircus-Vorstellungen finden jeweils am Sonntagmorgen um 11:00h in Z\u00fcrich, Basel, Bern, Genf und Lausanne statt. 01. Opening Orchester unter der Leitung von Reto Parolari 02. Yvonne L\u00fcbben (Tochter von Elfi und Dieter L\u00fcbben\/Lubino) f\u00fchrt 3 Kamele, ein&#8230; <a class=\"more-link\" href=\"https:\/\/circus-knie-fan.ch\/kniepedia\/kindercircus-1985\/\">Weiterlesen &rarr;<\/a><\/p>\n","protected":false},"author":1,"featured_media":33547,"comment_status":"closed","ping_status":"open","sticky":false,"template":"","format":"standard","meta":{"_crdt_document":"","ngg_post_thumbnail":0,"footnotes":""},"categories":[2013],"tags":[2700,2706,2537,2283,2536],"class_list":["post-41390","post","type-post","status-publish","format-standard","has-post-thumbnail","hentry","category-2013","tag-7-generation","tag-geraldine-katharina-knie","tag-kindercircus","tag-louis-knie-jun","tag-maeni-neeser"],"_links":{"self":[{"href":"https:\/\/circus-knie-fan.ch\/kniepedia\/wp-json\/wp\/v2\/posts\/41390","targetHints":{"allow":["GET"]}}],"collection":[{"href":"https:\/\/circus-knie-fan.ch\/kniepedia\/wp-json\/wp\/v2\/posts"}],"about":[{"href":"https:\/\/circus-knie-fan.ch\/kniepedia\/wp-json\/wp\/v2\/types\/post"}],"author":[{"embeddable":true,"href":"https:\/\/circus-knie-fan.ch\/kniepedia\/wp-json\/wp\/v2\/users\/1"}],"replies":[{"embeddable":true,"href":"https:\/\/circus-knie-fan.ch\/kniepedia\/wp-json\/wp\/v2\/comments?post=41390"}],"version-history":[{"count":6,"href":"https:\/\/circus-knie-fan.ch\/kniepedia\/wp-json\/wp\/v2\/posts\/41390\/revisions"}],"predecessor-version":[{"id":41405,"href":"https:\/\/circus-knie-fan.ch\/kniepedia\/wp-json\/wp\/v2\/posts\/41390\/revisions\/41405"}],"wp:featuredmedia":[{"embeddable":true,"href":"https:\/\/circus-knie-fan.ch\/kniepedia\/wp-json\/wp\/v2\/media\/33547"}],"wp:attachment":[{"href":"https:\/\/circus-knie-fan.ch\/kniepedia\/wp-json\/wp\/v2\/media?parent=41390"}],"wp:term":[{"taxonomy":"category","embeddable":true,"href":"https:\/\/circus-knie-fan.ch\/kniepedia\/wp-json\/wp\/v2\/categories?post=41390"},{"taxonomy":"post_tag","embeddable":true,"href":"https:\/\/circus-knie-fan.ch\/kniepedia\/wp-json\/wp\/v2\/tags?post=41390"}],"curies":[{"name":"wp","href":"https:\/\/api.w.org\/{rel}","templated":true}]}}