{"id":18558,"date":"2019-01-03T10:00:00","date_gmt":"2019-01-03T09:00:00","guid":{"rendered":"https:\/\/circus-knie-fan.ch\/kniepedianotizen-2019\/"},"modified":"2024-08-12T17:19:53","modified_gmt":"2024-08-12T16:19:53","slug":"notizen-2019","status":"publish","type":"post","link":"https:\/\/circus-knie-fan.ch\/kniepedia\/notizen-2019\/","title":{"rendered":"Charivari  2019"},"content":{"rendered":"<p class=\"c_notizen\">Bild: Grandioses Geburtstagsgeschenk! Neues Chapiteau-Dach per Crowfounding und jetzt zwei Rundb\u00f6gen anstelle von (allen) Masten. Zus\u00e4tzlich die Sitzreihen um eine halbe Sitzbreite verschoben, so dass wir <em>zwischendurch<\/em> schauen k\u00f6nnen.<br \/>\n<em>Mehr<\/em> Komfort geht gar nicht.<\/p>\n<hr>\n<p class=\"c_notizen\">Starg\u00e4ste:<br \/>\nDeutschschweiz: <strong>Viktor Giacobbo<\/strong> (auch 2006) &amp; <strong>Mike M\u00fcller<\/strong>;<br \/>\nRomandie: <strong>Vincent Kucholl<\/strong> &amp; <strong>Vincent Veillon<\/strong><br \/>\nS\u00e4ngerinnen: <strong>Nubya<\/strong> , <strong>Nelly Patty und Ashley Vargas<\/strong><br \/>\nSong: \u00ab<a href=\"https:\/\/www.youtube.com\/watch?v=DazOdjYh7Zs\">Welcome to Circus KNIE<\/a>\u00bb<br \/>\nKreativteam:<br \/>\nRegie: David Shiner<br \/>\nChoreografie: Debra Brown<br \/>\nLightdesign: Wilfried Kresimet<\/p>\n<hr>\n<p><strong>Ivan-Fr\u00e9d\u00e9ric Knie<\/strong> auf dem Cover der CircusZeitung 4\/2029<br \/>\nFoto: Serge Fleury<br \/>\n<img loading=\"lazy\" decoding=\"async\" class=\"alignnone wp-image-49894\" src=\"https:\/\/circus-knie-fan.ch\/kniepedia\/wp-content\/uploads\/2019\/01\/2019_Ivan_Knie_Cover_CZ_schatt-scaled.jpg\" alt=\"\" width=\"617\" height=\"823\" srcset=\"https:\/\/circus-knie-fan.ch\/kniepedia\/wp-content\/uploads\/2019\/01\/2019_Ivan_Knie_Cover_CZ_schatt-scaled.jpg 1920w, https:\/\/circus-knie-fan.ch\/kniepedia\/wp-content\/uploads\/2019\/01\/2019_Ivan_Knie_Cover_CZ_schatt-225x300.jpg 225w, https:\/\/circus-knie-fan.ch\/kniepedia\/wp-content\/uploads\/2019\/01\/2019_Ivan_Knie_Cover_CZ_schatt-375x500.jpg 375w, https:\/\/circus-knie-fan.ch\/kniepedia\/wp-content\/uploads\/2019\/01\/2019_Ivan_Knie_Cover_CZ_schatt-768x1024.jpg 768w, https:\/\/circus-knie-fan.ch\/kniepedia\/wp-content\/uploads\/2019\/01\/2019_Ivan_Knie_Cover_CZ_schatt-1152x1536.jpg 1152w, https:\/\/circus-knie-fan.ch\/kniepedia\/wp-content\/uploads\/2019\/01\/2019_Ivan_Knie_Cover_CZ_schatt-1536x2048.jpg 1536w, https:\/\/circus-knie-fan.ch\/kniepedia\/wp-content\/uploads\/2019\/01\/2019_Ivan_Knie_Cover_CZ_schatt-600x800.jpg 600w, https:\/\/circus-knie-fan.ch\/kniepedia\/wp-content\/uploads\/2019\/01\/2019_Ivan_Knie_Cover_CZ_schatt-945x1260.jpg 945w\" sizes=\"auto, (max-width: 617px) 100vw, 617px\" \/><\/p>\n<hr>\n<p>Prinzessin Stephanie von Monaco k\u00fcrt<strong> Fredy Knie jun.<\/strong> am 43. Festival International du Cirque de Monte-Carlo 2019 zum \u00abAmbassadeur du Cirque 2019\u00bb.<br \/>\nHerr Fredy zieht sich am Schluss der glorreichen Jubil\u00e4umstourn\u00e9e aus der Man\u00e8ge zur\u00fcck. Das letzte Finale am 24. November 2019 in Rapperswil f\u00fcr Herrn <strong>Fredy Knie jun.<\/strong>!<br \/>\n<a href=\"https:\/\/www.youtube.com\/watch?v=DGiBWB_w8hQ\" target=\"_blank\" rel=\"noopener\"><img loading=\"lazy\" decoding=\"async\" class=\"alignnone size-full wp-image-41960\" src=\"https:\/\/circus-knie-fan.ch\/kniepedia\/wp-content\/uploads\/1976\/01\/KLappe_FKjun-e1638349570728.jpg\" alt=\"\" width=\"145\" height=\"150\"><\/a><\/p>\n<hr>\n<p>Cover der Schweizer Illustrierten 18\/2019 vom 3. Mai 2019:<strong><a href=\"https:\/\/www.youtube.com\/watch?v=Ov5KUjXPvpg\" target=\"_blank\" rel=\"noopener\"> Video<\/a><br \/>\nFredy Knie jun.<\/strong> mit seinen Enkel-Kindern (8.Generation) : Chanel-Marie, Ivan-Fr\u00e9d\u00e9ric und Maycol jun.<br \/>\n<a href=\"https:\/\/circus-knie-fan.ch\/kniepedia\/wp-content\/uploads\/2019\/01\/2019_FK_8.Generation_Cover_SI_A.jpg\"><img loading=\"lazy\" decoding=\"async\" class=\"alignnone wp-image-41529\" src=\"https:\/\/circus-knie-fan.ch\/kniepedia\/wp-content\/uploads\/2019\/01\/2019_FK_8.Generation_Cover_SI_A.jpg\" alt=\"\" width=\"637\" height=\"803\" srcset=\"https:\/\/circus-knie-fan.ch\/kniepedia\/wp-content\/uploads\/2019\/01\/2019_FK_8.Generation_Cover_SI_A.jpg 1547w, https:\/\/circus-knie-fan.ch\/kniepedia\/wp-content\/uploads\/2019\/01\/2019_FK_8.Generation_Cover_SI_A-238x300.jpg 238w, https:\/\/circus-knie-fan.ch\/kniepedia\/wp-content\/uploads\/2019\/01\/2019_FK_8.Generation_Cover_SI_A-813x1024.jpg 813w, https:\/\/circus-knie-fan.ch\/kniepedia\/wp-content\/uploads\/2019\/01\/2019_FK_8.Generation_Cover_SI_A-768x968.jpg 768w, https:\/\/circus-knie-fan.ch\/kniepedia\/wp-content\/uploads\/2019\/01\/2019_FK_8.Generation_Cover_SI_A-1219x1536.jpg 1219w, https:\/\/circus-knie-fan.ch\/kniepedia\/wp-content\/uploads\/2019\/01\/2019_FK_8.Generation_Cover_SI_A-600x756.jpg 600w, https:\/\/circus-knie-fan.ch\/kniepedia\/wp-content\/uploads\/2019\/01\/2019_FK_8.Generation_Cover_SI_A-945x1191.jpg 945w\" sizes=\"auto, (max-width: 637px) 100vw, 637px\" \/><\/a><\/p>\n<hr>\n<p><strong>Bildgalerien<\/strong><br \/>\nImpressionen zur <a href=\"https:\/\/circus-knie-fan.ch\/kniepediatextilmuseum-st-gallen-2019\/\">Kost\u00fcmausstellung<\/a> im Textilmuseum St.Gallen<br \/>\nImpressionen zur <a href=\"https:\/\/circus-knie-fan.ch\/kniepediaverkehrshaus-2019\/\" target=\"_blank\" rel=\"noopener noreferrer\">Ausstellung<\/a> \u00abKNIE auf Reisen\u00bb im Verkehrshaus Luzern<br \/>\nBildergalerie zu den <a href=\"https:\/\/www.facebook.com\/media\/set\/?set=a.2082009615183694&amp;type=1&amp;l=33bef2c64c\">Speziallokomotiven<\/a> zum KNIE-Jubil\u00e4um<br \/>\n&#8230; und dann auch noch dies: Sondermarken der Schweizerischen Post!<br \/>\n<a href=\"https:\/\/circus-knie-fan.ch\/kniepedia\/wp-content\/uploads\/2019\/01\/2019_Sondermarken_150.jpg\"><img loading=\"lazy\" decoding=\"async\" class=\"alignnone wp-image-31043\" src=\"https:\/\/circus-knie-fan.ch\/kniepedia\/wp-content\/uploads\/2019\/01\/2019_Sondermarken_150.jpg\" alt=\"\" width=\"550\" height=\"335\" srcset=\"https:\/\/circus-knie-fan.ch\/kniepedia\/wp-content\/uploads\/2019\/01\/2019_Sondermarken_150.jpg 886w, https:\/\/circus-knie-fan.ch\/kniepedia\/wp-content\/uploads\/2019\/01\/2019_Sondermarken_150-300x183.jpg 300w, https:\/\/circus-knie-fan.ch\/kniepedia\/wp-content\/uploads\/2019\/01\/2019_Sondermarken_150-768x468.jpg 768w, https:\/\/circus-knie-fan.ch\/kniepedia\/wp-content\/uploads\/2019\/01\/2019_Sondermarken_150-600x366.jpg 600w\" sizes=\"auto, (max-width: 550px) 100vw, 550px\" \/><\/a><\/p>\n<hr>\n<p>Reportage \u00fcber Maycol Errani am Abbautag in Yverdon-les-Bains:<\/p>\n<p>:<a href=\"https:\/\/www.youtube.com\/watch?v=d-0LytZv9-o\" target=\"_blank\" rel=\"noopener\"><img loading=\"lazy\" decoding=\"async\" class=\"alignnone size-full wp-image-33032\" src=\"https:\/\/circus-knie-fan.ch\/kniepedia\/wp-content\/uploads\/2020\/01\/Klappe_Maycol-e1605100955667.jpg\" alt=\"\" width=\"145\" height=\"150\"><\/a><\/p>\n","protected":false},"excerpt":{"rendered":"<p>Bild: Grandioses Geburtstagsgeschenk! Neues Chapiteau-Dach per Crowfounding und jetzt zwei Rundb\u00f6gen anstelle von (allen) Masten. Zus\u00e4tzlich die Sitzreihen um eine halbe Sitzbreite verschoben, so dass wir zwischendurch schauen k\u00f6nnen. Mehr Komfort geht gar nicht. Starg\u00e4ste: Deutschschweiz: Viktor Giacobbo (auch 2006)&#8230; <a class=\"more-link\" href=\"https:\/\/circus-knie-fan.ch\/kniepedia\/notizen-2019\/\">Weiterlesen &rarr;<\/a><\/p>\n","protected":false},"author":1,"featured_media":37494,"comment_status":"closed","ping_status":"closed","sticky":false,"template":"","format":"standard","meta":{"_crdt_document":"","ngg_post_thumbnail":0,"footnotes":""},"categories":[2055],"tags":[2248,2328,2258,2230,2260,2245,2374,2788,2860,2388,2391,2392,2393,2960,2364,2389,2390],"class_list":["post-18558","post","type-post","status-publish","format-standard","has-post-thumbnail","hentry","category-2055","tag-chanel","tag-chapiteau","tag-charivari","tag-fredy-jun","tag-fredy-knie-sen","tag-ivan-frederic","tag-knie-zug","tag-maycol","tag-maycol-jun","tag-mike-mueller","tag-nubya","tag-textilmuseum-sg","tag-verkehrshaus-der-schweiz","tag-video","tag-viktor-giacobbo","tag-vincent-kucholl","tag-vincent-veillon"],"_links":{"self":[{"href":"https:\/\/circus-knie-fan.ch\/kniepedia\/wp-json\/wp\/v2\/posts\/18558","targetHints":{"allow":["GET"]}}],"collection":[{"href":"https:\/\/circus-knie-fan.ch\/kniepedia\/wp-json\/wp\/v2\/posts"}],"about":[{"href":"https:\/\/circus-knie-fan.ch\/kniepedia\/wp-json\/wp\/v2\/types\/post"}],"author":[{"embeddable":true,"href":"https:\/\/circus-knie-fan.ch\/kniepedia\/wp-json\/wp\/v2\/users\/1"}],"replies":[{"embeddable":true,"href":"https:\/\/circus-knie-fan.ch\/kniepedia\/wp-json\/wp\/v2\/comments?post=18558"}],"version-history":[{"count":55,"href":"https:\/\/circus-knie-fan.ch\/kniepedia\/wp-json\/wp\/v2\/posts\/18558\/revisions"}],"predecessor-version":[{"id":49897,"href":"https:\/\/circus-knie-fan.ch\/kniepedia\/wp-json\/wp\/v2\/posts\/18558\/revisions\/49897"}],"wp:featuredmedia":[{"embeddable":true,"href":"https:\/\/circus-knie-fan.ch\/kniepedia\/wp-json\/wp\/v2\/media\/37494"}],"wp:attachment":[{"href":"https:\/\/circus-knie-fan.ch\/kniepedia\/wp-json\/wp\/v2\/media?parent=18558"}],"wp:term":[{"taxonomy":"category","embeddable":true,"href":"https:\/\/circus-knie-fan.ch\/kniepedia\/wp-json\/wp\/v2\/categories?post=18558"},{"taxonomy":"post_tag","embeddable":true,"href":"https:\/\/circus-knie-fan.ch\/kniepedia\/wp-json\/wp\/v2\/tags?post=18558"}],"curies":[{"name":"wp","href":"https:\/\/api.w.org\/{rel}","templated":true}]}}