{"id":18553,"date":"2014-01-03T10:00:00","date_gmt":"2014-01-03T09:00:00","guid":{"rendered":"https:\/\/circus-knie-fan.ch\/kniepedianotizen-2014\/"},"modified":"2025-07-21T22:00:27","modified_gmt":"2025-07-21T21:00:27","slug":"notizen-2014","status":"publish","type":"post","link":"https:\/\/circus-knie-fan.ch\/kniepedia\/notizen-2014\/","title":{"rendered":"Charivari 2014"},"content":{"rendered":"<p>Bild: Chanel-Marie Knie auf dem Cover der Schweizer Illustrierte\u00ab vom 31. M\u00e4rz 2014.<\/p>\n<hr>\n<p>Man\u00e8gendeb\u00fct von <strong>Chanel-Marie Knie <\/strong>an der Hand ihres Grossvaters <strong>Fredy Knie jun. <\/strong>mit dem selben Pony wie ihr Bruder<strong> Ivan-Fr\u00e9d\u00e9ric<\/strong> sein Deb\u00fct 2005 in der KNIE-Man\u00e8ge feierte: Chanel reitet auf \u00abLafayette\u00bb und zeigt ein Gross und Klein mit \u00abAmadeus\u00bb und anf\u00e4nglich Pony \u00abDavid\u00bb, danach mit \u00abGigolo\u00bb!<\/p>\n<hr>\n<p>David Larible im Interview mit der\u00abSchweizer Familie\u00bb vom 27. M\u00e4rz 2014. Klick ins Cover zum Interview!<br \/>\n<a href=\"https:\/\/circus-knie-fan.ch\/kniepedia\/wp-content\/uploads\/2014\/01\/2014_SF_Larible_Interview_komprimiert.pdf\" target=\"_blank\" rel=\"noopener\"><img loading=\"lazy\" decoding=\"async\" class=\"alignnone wp-image-49128\" src=\"https:\/\/circus-knie-fan.ch\/kniepedia\/wp-content\/uploads\/2014\/01\/2014_DAVID_LARIBLE_Interview_SF_Cover_A-scaled.jpg\" alt=\"\" width=\"345\" height=\"467\" srcset=\"https:\/\/circus-knie-fan.ch\/kniepedia\/wp-content\/uploads\/2014\/01\/2014_DAVID_LARIBLE_Interview_SF_Cover_A-scaled.jpg 1893w, https:\/\/circus-knie-fan.ch\/kniepedia\/wp-content\/uploads\/2014\/01\/2014_DAVID_LARIBLE_Interview_SF_Cover_A-222x300.jpg 222w, https:\/\/circus-knie-fan.ch\/kniepedia\/wp-content\/uploads\/2014\/01\/2014_DAVID_LARIBLE_Interview_SF_Cover_A-370x500.jpg 370w, https:\/\/circus-knie-fan.ch\/kniepedia\/wp-content\/uploads\/2014\/01\/2014_DAVID_LARIBLE_Interview_SF_Cover_A-768x1039.jpg 768w, https:\/\/circus-knie-fan.ch\/kniepedia\/wp-content\/uploads\/2014\/01\/2014_DAVID_LARIBLE_Interview_SF_Cover_A-1136x1536.jpg 1136w, https:\/\/circus-knie-fan.ch\/kniepedia\/wp-content\/uploads\/2014\/01\/2014_DAVID_LARIBLE_Interview_SF_Cover_A-1514x2048.jpg 1514w, https:\/\/circus-knie-fan.ch\/kniepedia\/wp-content\/uploads\/2014\/01\/2014_DAVID_LARIBLE_Interview_SF_Cover_A-600x812.jpg 600w, https:\/\/circus-knie-fan.ch\/kniepedia\/wp-content\/uploads\/2014\/01\/2014_DAVID_LARIBLE_Interview_SF_Cover_A-945x1278.jpg 945w\" sizes=\"auto, (max-width: 345px) 100vw, 345px\" \/><\/a><\/p>\n<hr>\n<p>Video: Lukas Menzi, Glarus<\/p>\n<p><a href=\"https:\/\/www.youtube.com\/watch?v=NWlhXP9QKqI\" target=\"_blank\" rel=\"noopener noreferrer\"><img loading=\"lazy\" decoding=\"async\" class=\"alignnone size-full wp-image-33505\" src=\"https:\/\/circus-knie-fan.ch\/kniepedia\/wp-content\/uploads\/2014\/01\/Klappe_Abbau_Glarus_2014-e1606143040108.jpg\" alt=\"\" width=\"145\" height=\"150\"><\/a><\/p>\n<hr>\n<p>&nbsp;<\/p>\n<p>Video: Tim<\/p>\n<p><a href=\"https:\/\/www.youtube.com\/watch?v=YsgLverRbcU\" target=\"_blank\" rel=\"noopener noreferrer\"><img loading=\"lazy\" decoding=\"async\" class=\"alignnone size-full wp-image-33507\" src=\"https:\/\/circus-knie-fan.ch\/kniepedia\/wp-content\/uploads\/2014\/01\/Klappe_Auf_Ab_NE_2014-e1606143395435.jpg\" alt=\"\" width=\"145\" height=\"150\"><\/a><\/p>\n<hr>\n<p>Video: Olivier Steiner (hochgeladen Juni 2015; Ausschnitt mit Davide Larible deutet auf 2014 hin)<\/p>\n<p><a href=\"https:\/\/www.youtube.com\/watch?v=xnWAnCzSW80\" target=\"_blank\" rel=\"noopener\"><img loading=\"lazy\" decoding=\"async\" class=\"alignnone wp-image-43349\" src=\"https:\/\/circus-knie-fan.ch\/kniepedia\/wp-content\/uploads\/2014\/01\/Klappe_Vevey.jpg\" alt=\"\" width=\"136\" height=\"140\" srcset=\"https:\/\/circus-knie-fan.ch\/kniepedia\/wp-content\/uploads\/2014\/01\/Klappe_Vevey.jpg 400w, https:\/\/circus-knie-fan.ch\/kniepedia\/wp-content\/uploads\/2014\/01\/Klappe_Vevey-291x300.jpg 291w\" sizes=\"auto, (max-width: 136px) 100vw, 136px\" \/><\/a><\/p>\n<hr>\n<p>Video: Agent M: \u00abBahnverlad Vevey 2014\u00bb<br \/>\n<a href=\"https:\/\/www.youtube.com\/watch?v=YmCvG-7xrbE\" target=\"_blank\" rel=\"noopener\"><img loading=\"lazy\" decoding=\"async\" class=\"alignnone wp-image-43349\" src=\"https:\/\/circus-knie-fan.ch\/kniepedia\/wp-content\/uploads\/2014\/01\/Klappe_Vevey.jpg\" alt=\"\" width=\"135\" height=\"139\" srcset=\"https:\/\/circus-knie-fan.ch\/kniepedia\/wp-content\/uploads\/2014\/01\/Klappe_Vevey.jpg 400w, https:\/\/circus-knie-fan.ch\/kniepedia\/wp-content\/uploads\/2014\/01\/Klappe_Vevey-291x300.jpg 291w\" sizes=\"auto, (max-width: 135px) 100vw, 135px\" \/><\/a><\/p>\n<hr>\n<p><a href=\"https:\/\/youtu.be\/VKN_SZB7Uns\" target=\"_blank\" rel=\"noopener\"><img loading=\"lazy\" decoding=\"async\" class=\"alignnone wp-image-45507\" src=\"https:\/\/circus-knie-fan.ch\/kniepedia\/wp-content\/uploads\/2014\/01\/Klappe_2014.jpg\" alt=\"\" width=\"132\" height=\"136\" srcset=\"https:\/\/circus-knie-fan.ch\/kniepedia\/wp-content\/uploads\/2014\/01\/Klappe_2014.jpg 400w, https:\/\/circus-knie-fan.ch\/kniepedia\/wp-content\/uploads\/2014\/01\/Klappe_2014-291x300.jpg 291w\" sizes=\"auto, (max-width: 132px) 100vw, 132px\" \/><\/a><\/p>\n<hr>\n<p>Wintergastspiel 2014\/2015:<br \/>\n<strong>G\u00e9raldine-Katharina Knie &amp; Maycol Errani<\/strong> mit <strong>Chanel-Marie<\/strong> gastieren beim Weltweihnachtscircus in Stuttgart mit Freiheitsdressuren und Gross &amp; Klein;<\/p>\n","protected":false},"excerpt":{"rendered":"<p>Bild: Chanel-Marie Knie auf dem Cover der Schweizer Illustrierte\u00ab vom 31. M\u00e4rz 2014. Man\u00e8gendeb\u00fct von Chanel-Marie Knie an der Hand ihres Grossvaters Fredy Knie jun. mit dem selben Pony wie ihr Bruder Ivan-Fr\u00e9d\u00e9ric sein Deb\u00fct 2005 in der KNIE-Man\u00e8ge feierte:&#8230; <a class=\"more-link\" href=\"https:\/\/circus-knie-fan.ch\/kniepedia\/notizen-2014\/\">Weiterlesen &rarr;<\/a><\/p>\n","protected":false},"author":1,"featured_media":31030,"comment_status":"closed","ping_status":"closed","sticky":false,"template":"","format":"standard","meta":{"_crdt_document":"","ngg_post_thumbnail":0,"footnotes":""},"categories":[2033],"tags":[2680,2700,2701,2248,2258,2382,2230,2706,2534,2788,2840,2960,3086,2448],"class_list":["post-18553","post","type-post","status-publish","format-standard","has-post-thumbnail","hentry","category-2033","tag-6-generation","tag-7-generation","tag-8-generation","tag-chanel","tag-charivari","tag-david-larible","tag-fredy-jun","tag-geraldine-katharina-knie","tag-glarus","tag-maycol","tag-vevey","tag-video","tag-winterengagement","tag-wintergastspiel"],"_links":{"self":[{"href":"https:\/\/circus-knie-fan.ch\/kniepedia\/wp-json\/wp\/v2\/posts\/18553","targetHints":{"allow":["GET"]}}],"collection":[{"href":"https:\/\/circus-knie-fan.ch\/kniepedia\/wp-json\/wp\/v2\/posts"}],"about":[{"href":"https:\/\/circus-knie-fan.ch\/kniepedia\/wp-json\/wp\/v2\/types\/post"}],"author":[{"embeddable":true,"href":"https:\/\/circus-knie-fan.ch\/kniepedia\/wp-json\/wp\/v2\/users\/1"}],"replies":[{"embeddable":true,"href":"https:\/\/circus-knie-fan.ch\/kniepedia\/wp-json\/wp\/v2\/comments?post=18553"}],"version-history":[{"count":26,"href":"https:\/\/circus-knie-fan.ch\/kniepedia\/wp-json\/wp\/v2\/posts\/18553\/revisions"}],"predecessor-version":[{"id":49132,"href":"https:\/\/circus-knie-fan.ch\/kniepedia\/wp-json\/wp\/v2\/posts\/18553\/revisions\/49132"}],"wp:featuredmedia":[{"embeddable":true,"href":"https:\/\/circus-knie-fan.ch\/kniepedia\/wp-json\/wp\/v2\/media\/31030"}],"wp:attachment":[{"href":"https:\/\/circus-knie-fan.ch\/kniepedia\/wp-json\/wp\/v2\/media?parent=18553"}],"wp:term":[{"taxonomy":"category","embeddable":true,"href":"https:\/\/circus-knie-fan.ch\/kniepedia\/wp-json\/wp\/v2\/categories?post=18553"},{"taxonomy":"post_tag","embeddable":true,"href":"https:\/\/circus-knie-fan.ch\/kniepedia\/wp-json\/wp\/v2\/tags?post=18553"}],"curies":[{"name":"wp","href":"https:\/\/api.w.org\/{rel}","templated":true}]}}