{"id":18492,"date":"1983-01-03T11:00:00","date_gmt":"1983-01-03T10:00:00","guid":{"rendered":"https:\/\/circus-knie-fan.ch\/kniepedianotizen-1983\/"},"modified":"2026-02-22T08:32:24","modified_gmt":"2026-02-22T07:32:24","slug":"notizen-1983","status":"publish","type":"post","link":"https:\/\/circus-knie-fan.ch\/kniepedia\/notizen-1983\/","title":{"rendered":"Charivari 1983"},"content":{"rendered":"<p class=\"c_notizen\">Bild: Neu bei KNIE ist Werbeclown Lubino<\/p>\n<hr>\n<p class=\"c_notizen\">Nummerngirls: <strong>Miss Danuta<\/strong> + <strong>Miss Silvia<\/strong><\/p>\n<hr>\n<p class=\"c_notizen\">Saison 1983 ausw\u00e4rts:<strong><br \/>\nMary-Jos\u00e9 &amp; Fredy Knie jun. <\/strong>gehen mit Tochter <strong>G\u00e9raldine-Katharina<\/strong> zum Circus RONCALLI in Deutschland.<br \/>\nSie begeistern mit Tigerin \u00abIndia\u00bb auf Nashorn \u00abZeila\u00bb, einer Freiheit und der Ungarischen Hohe Schule.<\/p>\n<p>Zu Ehren von Mary-Jos\u00e9 ziert sie den Jahreskalender der deutschen \u00abDie Circuszeitung\u00bb f\u00fcr 1983; Foto Helmut Grosscurth<br \/>\n<img loading=\"lazy\" decoding=\"async\" class=\"alignnone  wp-image-52766\" src=\"https:\/\/circus-knie-fan.ch\/kniepedia\/wp-content\/uploads\/1983\/01\/1983_MJK_Kalender_CZ_1282-scaled.jpg\" alt=\"\" width=\"656\" height=\"875\" srcset=\"https:\/\/circus-knie-fan.ch\/kniepedia\/wp-content\/uploads\/1983\/01\/1983_MJK_Kalender_CZ_1282-scaled.jpg 1920w, https:\/\/circus-knie-fan.ch\/kniepedia\/wp-content\/uploads\/1983\/01\/1983_MJK_Kalender_CZ_1282-225x300.jpg 225w, https:\/\/circus-knie-fan.ch\/kniepedia\/wp-content\/uploads\/1983\/01\/1983_MJK_Kalender_CZ_1282-375x500.jpg 375w, https:\/\/circus-knie-fan.ch\/kniepedia\/wp-content\/uploads\/1983\/01\/1983_MJK_Kalender_CZ_1282-768x1024.jpg 768w, https:\/\/circus-knie-fan.ch\/kniepedia\/wp-content\/uploads\/1983\/01\/1983_MJK_Kalender_CZ_1282-100x133.jpg 100w, https:\/\/circus-knie-fan.ch\/kniepedia\/wp-content\/uploads\/1983\/01\/1983_MJK_Kalender_CZ_1282-1152x1536.jpg 1152w, https:\/\/circus-knie-fan.ch\/kniepedia\/wp-content\/uploads\/1983\/01\/1983_MJK_Kalender_CZ_1282-1536x2048.jpg 1536w, https:\/\/circus-knie-fan.ch\/kniepedia\/wp-content\/uploads\/1983\/01\/1983_MJK_Kalender_CZ_1282-600x800.jpg 600w, https:\/\/circus-knie-fan.ch\/kniepedia\/wp-content\/uploads\/1983\/01\/1983_MJK_Kalender_CZ_1282-945x1260.jpg 945w\" sizes=\"auto, (max-width: 656px) 100vw, 656px\" \/><\/p>\n<hr>\n<p><strong>Fredy Knie jun.<\/strong> auf dem Cover des \u00abSchweizer Pferde-Magazin\u00bb vom Januar 1983.<br \/>\n<img loading=\"lazy\" decoding=\"async\" class=\"alignnone wp-image-49216\" src=\"https:\/\/circus-knie-fan.ch\/kniepedia\/wp-content\/uploads\/1983\/01\/1983_FKjun_Pferdemagazin-scaled.jpg\" alt=\"\" width=\"370\" height=\"496\" srcset=\"https:\/\/circus-knie-fan.ch\/kniepedia\/wp-content\/uploads\/1983\/01\/1983_FKjun_Pferdemagazin-scaled.jpg 1911w, https:\/\/circus-knie-fan.ch\/kniepedia\/wp-content\/uploads\/1983\/01\/1983_FKjun_Pferdemagazin-224x300.jpg 224w, https:\/\/circus-knie-fan.ch\/kniepedia\/wp-content\/uploads\/1983\/01\/1983_FKjun_Pferdemagazin-373x500.jpg 373w, https:\/\/circus-knie-fan.ch\/kniepedia\/wp-content\/uploads\/1983\/01\/1983_FKjun_Pferdemagazin-768x1029.jpg 768w, https:\/\/circus-knie-fan.ch\/kniepedia\/wp-content\/uploads\/1983\/01\/1983_FKjun_Pferdemagazin-1147x1536.jpg 1147w, https:\/\/circus-knie-fan.ch\/kniepedia\/wp-content\/uploads\/1983\/01\/1983_FKjun_Pferdemagazin-1529x2048.jpg 1529w, https:\/\/circus-knie-fan.ch\/kniepedia\/wp-content\/uploads\/1983\/01\/1983_FKjun_Pferdemagazin-600x804.jpg 600w, https:\/\/circus-knie-fan.ch\/kniepedia\/wp-content\/uploads\/1983\/01\/1983_FKjun_Pferdemagazin-945x1266.jpg 945w\" sizes=\"auto, (max-width: 370px) 100vw, 370px\" \/><\/p>\n<hr>\n<p class=\"c_notizen\">1. Saison von \u00ab<strong>Lubino<\/strong>\u00bb als Werbeclown und Firmen-Maskottchen;<br \/>\neigtl. Dieter L\u00fcbben, * 12. September 1939 in Nordenham D<\/p>\n<hr>\n<p>3. Saison von M\u00e4ni Neeser.<\/p>\n<hr>\n<p class=\"c_notizen\">Nach der Saison 1983 tritt <strong>Rolf Knie jun.<\/strong> aus dem Unternehmen aus und widmet sich eigenen Projekten.<\/p>\n<hr>\n<p class=\"c_notizen\">Wintergastspiel vor der Tourn\u00e9e 1983:<br \/>\nIm Februar 1983 gastieren <strong>Rolf Knie jun.<\/strong>, Gaston und Pipo Sosman und Little Ferry bei der Schau \u00abArtisten-Tiere-Sensationen ATA\u00bb in der Stadthalle Wien. Sie zeigen die Schwejk-Parodie Milit\u00e4rentr\u00e9e und den Kanonenschuss. <strong>Fredy Knie jun.<\/strong> zeigt gleichenorts 12 Friesen und 4 Lipzzaner in einer Freiheit zu Wiener Kl\u00e4ngen. <strong>Germaine &amp; Louis Knie<\/strong> sind mit Elefanten zu sehen.<\/p>\n<p>Programmheft-Cover ATA 1983 in Wien<br \/>\n<img loading=\"lazy\" decoding=\"async\" class=\"alignnone wp-image-47451\" src=\"https:\/\/circus-knie-fan.ch\/kniepedia\/wp-content\/uploads\/1983\/01\/1983_Rolf_Gaston_Pipo_ATA_schatt-scaled.jpg\" alt=\"\" width=\"379\" height=\"539\" srcset=\"https:\/\/circus-knie-fan.ch\/kniepedia\/wp-content\/uploads\/1983\/01\/1983_Rolf_Gaston_Pipo_ATA_schatt-scaled.jpg 1799w, https:\/\/circus-knie-fan.ch\/kniepedia\/wp-content\/uploads\/1983\/01\/1983_Rolf_Gaston_Pipo_ATA_schatt-211x300.jpg 211w, https:\/\/circus-knie-fan.ch\/kniepedia\/wp-content\/uploads\/1983\/01\/1983_Rolf_Gaston_Pipo_ATA_schatt-351x500.jpg 351w, https:\/\/circus-knie-fan.ch\/kniepedia\/wp-content\/uploads\/1983\/01\/1983_Rolf_Gaston_Pipo_ATA_schatt-768x1093.jpg 768w, https:\/\/circus-knie-fan.ch\/kniepedia\/wp-content\/uploads\/1983\/01\/1983_Rolf_Gaston_Pipo_ATA_schatt-1080x1536.jpg 1080w, https:\/\/circus-knie-fan.ch\/kniepedia\/wp-content\/uploads\/1983\/01\/1983_Rolf_Gaston_Pipo_ATA_schatt-1440x2048.jpg 1440w, https:\/\/circus-knie-fan.ch\/kniepedia\/wp-content\/uploads\/1983\/01\/1983_Rolf_Gaston_Pipo_ATA_schatt-600x854.jpg 600w, https:\/\/circus-knie-fan.ch\/kniepedia\/wp-content\/uploads\/1983\/01\/1983_Rolf_Gaston_Pipo_ATA_schatt-945x1344.jpg 945w\" sizes=\"auto, (max-width: 379px) 100vw, 379px\" \/><\/p>\n<hr>\n<p>Wunderkind Anthony Gatto <span class=\" fc-falcon\">(* 14. April 1973<\/span>!) durfte in Del\u00e9mont JU am 27. Juni 1983 abends auftreten, \u00abProbe schaffen\u00bb hies dies im Jargon.<br \/>\n<strong><a href=\"https:\/\/www.facebook.com\/1388972321\/posts\/10234881310358984\/?mibextid=rS40aB7S9Ucbxw6v\" target=\"_blank\" rel=\"noopener\"><img loading=\"lazy\" decoding=\"async\" class=\"alignnone wp-image-45952\" src=\"https:\/\/circus-knie-fan.ch\/kniepedia\/wp-content\/uploads\/2022\/11\/Hinweisfinger_klein.jpg\" alt=\"\" width=\"86\" height=\"43\" srcset=\"https:\/\/circus-knie-fan.ch\/kniepedia\/wp-content\/uploads\/2022\/11\/Hinweisfinger_klein.jpg 472w, https:\/\/circus-knie-fan.ch\/kniepedia\/wp-content\/uploads\/2022\/11\/Hinweisfinger_klein-300x150.jpg 300w\" sizes=\"auto, (max-width: 86px) 100vw, 86px\" \/>Video Anthony Gatto<\/a><\/strong>.<\/p>\n<p>Fotos \u00a9 Urs Zuppinger<\/p>\n<p><img loading=\"lazy\" decoding=\"async\" class=\"alignnone wp-image-50000\" src=\"https:\/\/circus-knie-fan.ch\/kniepedia\/wp-content\/uploads\/1983\/01\/1983_Anthony_Gatto_Delemont270683-01.jpg\" alt=\"\" width=\"712\" height=\"441\" srcset=\"https:\/\/circus-knie-fan.ch\/kniepedia\/wp-content\/uploads\/1983\/01\/1983_Anthony_Gatto_Delemont270683-01.jpg 2460w, https:\/\/circus-knie-fan.ch\/kniepedia\/wp-content\/uploads\/1983\/01\/1983_Anthony_Gatto_Delemont270683-01-300x186.jpg 300w, https:\/\/circus-knie-fan.ch\/kniepedia\/wp-content\/uploads\/1983\/01\/1983_Anthony_Gatto_Delemont270683-01-500x310.jpg 500w, https:\/\/circus-knie-fan.ch\/kniepedia\/wp-content\/uploads\/1983\/01\/1983_Anthony_Gatto_Delemont270683-01-768x476.jpg 768w, https:\/\/circus-knie-fan.ch\/kniepedia\/wp-content\/uploads\/1983\/01\/1983_Anthony_Gatto_Delemont270683-01-1536x952.jpg 1536w, https:\/\/circus-knie-fan.ch\/kniepedia\/wp-content\/uploads\/1983\/01\/1983_Anthony_Gatto_Delemont270683-01-2048x1269.jpg 2048w, https:\/\/circus-knie-fan.ch\/kniepedia\/wp-content\/uploads\/1983\/01\/1983_Anthony_Gatto_Delemont270683-01-600x372.jpg 600w, https:\/\/circus-knie-fan.ch\/kniepedia\/wp-content\/uploads\/1983\/01\/1983_Anthony_Gatto_Delemont270683-01-945x585.jpg 945w\" sizes=\"auto, (max-width: 712px) 100vw, 712px\" \/><\/p>\n<p><img loading=\"lazy\" decoding=\"async\" class=\"alignnone wp-image-49999\" src=\"https:\/\/circus-knie-fan.ch\/kniepedia\/wp-content\/uploads\/1983\/01\/1983_Anthony_Gatto_Delemont270683-02_keulen.jpg\" alt=\"\" width=\"483\" height=\"732\" srcset=\"https:\/\/circus-knie-fan.ch\/kniepedia\/wp-content\/uploads\/1983\/01\/1983_Anthony_Gatto_Delemont270683-02_keulen.jpg 1129w, https:\/\/circus-knie-fan.ch\/kniepedia\/wp-content\/uploads\/1983\/01\/1983_Anthony_Gatto_Delemont270683-02_keulen-198x300.jpg 198w, https:\/\/circus-knie-fan.ch\/kniepedia\/wp-content\/uploads\/1983\/01\/1983_Anthony_Gatto_Delemont270683-02_keulen-330x500.jpg 330w, https:\/\/circus-knie-fan.ch\/kniepedia\/wp-content\/uploads\/1983\/01\/1983_Anthony_Gatto_Delemont270683-02_keulen-768x1164.jpg 768w, https:\/\/circus-knie-fan.ch\/kniepedia\/wp-content\/uploads\/1983\/01\/1983_Anthony_Gatto_Delemont270683-02_keulen-1014x1536.jpg 1014w, https:\/\/circus-knie-fan.ch\/kniepedia\/wp-content\/uploads\/1983\/01\/1983_Anthony_Gatto_Delemont270683-02_keulen-600x909.jpg 600w, https:\/\/circus-knie-fan.ch\/kniepedia\/wp-content\/uploads\/1983\/01\/1983_Anthony_Gatto_Delemont270683-02_keulen-945x1432.jpg 945w\" sizes=\"auto, (max-width: 483px) 100vw, 483px\" \/><\/p>\n<hr>\n<p>Anthony Gatto besuchte f\u00fcr einen Morgen KNIE&#8217;s Circus-Schule im Wagen Nr. 56 &#8211; und bewies sein zeichnerisches Talent:<\/p>\n<p><img loading=\"lazy\" decoding=\"async\" class=\"alignnone wp-image-49998\" src=\"https:\/\/circus-knie-fan.ch\/kniepedia\/wp-content\/uploads\/1983\/01\/1983_Anthony_Gatto_Delemont270683-03.jpg\" alt=\"\" width=\"482\" height=\"316\" srcset=\"https:\/\/circus-knie-fan.ch\/kniepedia\/wp-content\/uploads\/1983\/01\/1983_Anthony_Gatto_Delemont270683-03.jpg 1800w, https:\/\/circus-knie-fan.ch\/kniepedia\/wp-content\/uploads\/1983\/01\/1983_Anthony_Gatto_Delemont270683-03-300x197.jpg 300w, https:\/\/circus-knie-fan.ch\/kniepedia\/wp-content\/uploads\/1983\/01\/1983_Anthony_Gatto_Delemont270683-03-500x328.jpg 500w, https:\/\/circus-knie-fan.ch\/kniepedia\/wp-content\/uploads\/1983\/01\/1983_Anthony_Gatto_Delemont270683-03-768x503.jpg 768w, https:\/\/circus-knie-fan.ch\/kniepedia\/wp-content\/uploads\/1983\/01\/1983_Anthony_Gatto_Delemont270683-03-1536x1007.jpg 1536w, https:\/\/circus-knie-fan.ch\/kniepedia\/wp-content\/uploads\/1983\/01\/1983_Anthony_Gatto_Delemont270683-03-600x393.jpg 600w, https:\/\/circus-knie-fan.ch\/kniepedia\/wp-content\/uploads\/1983\/01\/1983_Anthony_Gatto_Delemont270683-03-945x620.jpg 945w\" sizes=\"auto, (max-width: 482px) 100vw, 482px\" \/><\/p>\n<p><img loading=\"lazy\" decoding=\"async\" class=\"alignnone wp-image-50001\" src=\"https:\/\/circus-knie-fan.ch\/kniepedia\/wp-content\/uploads\/1983\/01\/1983_Anthony_Gatto_Delemont270683-04.jpg\" alt=\"\" width=\"482\" height=\"440\" srcset=\"https:\/\/circus-knie-fan.ch\/kniepedia\/wp-content\/uploads\/1983\/01\/1983_Anthony_Gatto_Delemont270683-04.jpg 1822w, https:\/\/circus-knie-fan.ch\/kniepedia\/wp-content\/uploads\/1983\/01\/1983_Anthony_Gatto_Delemont270683-04-300x274.jpg 300w, https:\/\/circus-knie-fan.ch\/kniepedia\/wp-content\/uploads\/1983\/01\/1983_Anthony_Gatto_Delemont270683-04-500x457.jpg 500w, https:\/\/circus-knie-fan.ch\/kniepedia\/wp-content\/uploads\/1983\/01\/1983_Anthony_Gatto_Delemont270683-04-768x701.jpg 768w, https:\/\/circus-knie-fan.ch\/kniepedia\/wp-content\/uploads\/1983\/01\/1983_Anthony_Gatto_Delemont270683-04-1536x1403.jpg 1536w, https:\/\/circus-knie-fan.ch\/kniepedia\/wp-content\/uploads\/1983\/01\/1983_Anthony_Gatto_Delemont270683-04-600x548.jpg 600w, https:\/\/circus-knie-fan.ch\/kniepedia\/wp-content\/uploads\/1983\/01\/1983_Anthony_Gatto_Delemont270683-04-945x863.jpg 945w\" sizes=\"auto, (max-width: 482px) 100vw, 482px\" \/><\/p>\n<hr>\n<p>Wintergastspiel nach der Saison 1983:<br \/>\nRupert Bemmerl zeigt mit <strong>Germaine Knie<\/strong> die Arbeitselefanten im Dezember 1983 bei der Berliner Schau \u00abMenschen-Tiere-Sensationen\u00bb, wo zudem Sacha Houcke sen. mit Herrn Fredy&#8217;s Lipizzaner-Freiheit aus der Saison 1983 zu sehen ist. M\u00e4ni Neeser steuert mit Frithjof Gasser (Circus ROYAL) die Reprisen bei. Germaine Knie wirkt mit ihren Schwestern nat\u00fcrlich auch im Fahrrad-Act The New Dollys mit. Wie einst im Mai!<\/p>\n<p>&nbsp;<\/p>\n<hr>\n","protected":false},"excerpt":{"rendered":"<p>Bild: Neu bei KNIE ist Werbeclown Lubino Nummerngirls: Miss Danuta + Miss Silvia Saison 1983 ausw\u00e4rts: Mary-Jos\u00e9 &amp; Fredy Knie jun. gehen mit Tochter G\u00e9raldine-Katharina zum Circus RONCALLI in Deutschland. Sie begeistern mit Tigerin \u00abIndia\u00bb auf Nashorn \u00abZeila\u00bb, einer Freiheit&#8230; <a class=\"more-link\" href=\"https:\/\/circus-knie-fan.ch\/kniepedia\/notizen-1983\/\">Weiterlesen &rarr;<\/a><\/p>\n","protected":false},"author":1,"featured_media":31398,"comment_status":"closed","ping_status":"closed","sticky":false,"template":"","format":"standard","meta":{"_crdt_document":"","ngg_post_thumbnail":0,"footnotes":""},"categories":[2011],"tags":[2680,2700,3106,2258,2230,2323,2706,2694,3122,3123,2357,2820,2311,2319,2536,2226,2324,2233,2903,2273,3088,2960,3086,2448],"class_list":["post-18492","post","type-post","status-publish","format-standard","has-post-thumbnail","hentry","category-2011","tag-6-generation","tag-7-generation","tag-ata-wien","tag-charivari","tag-fredy-jun","tag-gaston-haeni","tag-geraldine-katharina-knie","tag-germaine-knie","tag-hausdresseur","tag-hausdresseure","tag-horst-ackermann","tag-little-ferry-i","tag-louis-knie","tag-lubino","tag-maeni-neeser","tag-mary-jose","tag-pipo-sosman","tag-rolf-jun","tag-rupert-bemmerl","tag-sacha-houcke-sen","tag-saison-auswaerts","tag-video","tag-winterengagement","tag-wintergastspiel"],"_links":{"self":[{"href":"https:\/\/circus-knie-fan.ch\/kniepedia\/wp-json\/wp\/v2\/posts\/18492","targetHints":{"allow":["GET"]}}],"collection":[{"href":"https:\/\/circus-knie-fan.ch\/kniepedia\/wp-json\/wp\/v2\/posts"}],"about":[{"href":"https:\/\/circus-knie-fan.ch\/kniepedia\/wp-json\/wp\/v2\/types\/post"}],"author":[{"embeddable":true,"href":"https:\/\/circus-knie-fan.ch\/kniepedia\/wp-json\/wp\/v2\/users\/1"}],"replies":[{"embeddable":true,"href":"https:\/\/circus-knie-fan.ch\/kniepedia\/wp-json\/wp\/v2\/comments?post=18492"}],"version-history":[{"count":49,"href":"https:\/\/circus-knie-fan.ch\/kniepedia\/wp-json\/wp\/v2\/posts\/18492\/revisions"}],"predecessor-version":[{"id":52767,"href":"https:\/\/circus-knie-fan.ch\/kniepedia\/wp-json\/wp\/v2\/posts\/18492\/revisions\/52767"}],"wp:featuredmedia":[{"embeddable":true,"href":"https:\/\/circus-knie-fan.ch\/kniepedia\/wp-json\/wp\/v2\/media\/31398"}],"wp:attachment":[{"href":"https:\/\/circus-knie-fan.ch\/kniepedia\/wp-json\/wp\/v2\/media?parent=18492"}],"wp:term":[{"taxonomy":"category","embeddable":true,"href":"https:\/\/circus-knie-fan.ch\/kniepedia\/wp-json\/wp\/v2\/categories?post=18492"},{"taxonomy":"post_tag","embeddable":true,"href":"https:\/\/circus-knie-fan.ch\/kniepedia\/wp-json\/wp\/v2\/tags?post=18492"}],"curies":[{"name":"wp","href":"https:\/\/api.w.org\/{rel}","templated":true}]}}