{"id":17464,"date":"2005-01-02T12:15:00","date_gmt":"2005-01-02T11:15:00","guid":{"rendered":"https:\/\/circus-knie-fan.ch\/kniepedia2005-fredy-knie-jun-%c2%b7-ivan-frederic\/"},"modified":"2021-09-29T10:53:29","modified_gmt":"2021-09-29T09:53:29","slug":"2005fredy-knie-jun-%c2%b7-ivan-fredericfreiheitsdressurch","status":"publish","type":"post","link":"https:\/\/circus-knie-fan.ch\/kniepedia\/2005fredy-knie-jun-%c2%b7-ivan-fredericfreiheitsdressurch\/","title":{"rendered":"<span class=\"c_jahrtitel\">2005<\/span><br>Fredy Knie jun. \u00b7 Ivan-Fr\u00e9d\u00e9ric<br><span class=\"c_sparte\">Freiheitsdressur<\/span><br><span class=\"c_nation\">CH<\/span>"},"content":{"rendered":"<p class=\"c_bildlegende\"><strong>Fredy Knie jun<\/strong>. begr\u00fcsst reitend auf \u00abBolero\u00bb, einem Alt\u00e9r Real (einziger im Marstall)<\/p>\n<p class=\"c_bildlegende\">Gross und Klein: 8. Generation Knie erstmals in der Man\u00e8ge: <strong>Ivan-Fr\u00e9d\u00e9ric<\/strong> mit Pony \u00abLafayette\u00bb! Grossvater <strong>Fredy Knie jun.<\/strong> pr\u00e4sentiert zum ersten Mal seinen knapp vierj\u00e4hrigen Enkel <strong>Ivan-Fr\u00e9d\u00e9ric<\/strong> in der Man\u00e8ge: Ivan reitet auf Pony \u00abLafayette\u00bb&nbsp;und zeigt ein Gross und Klein mit Friesenhengst \u00abAramis\u00bb und Pony \u00abGigolo\u00bb.<\/p>\n","protected":false},"excerpt":{"rendered":"<p>Fredy Knie jun. begr\u00fcsst reitend auf \u00abBolero\u00bb, einem Alt\u00e9r Real (einziger im Marstall) Gross und Klein: 8. Generation Knie erstmals in der Man\u00e8ge: Ivan-Fr\u00e9d\u00e9ric mit Pony \u00abLafayette\u00bb! Grossvater Fredy Knie jun. pr\u00e4sentiert zum ersten Mal seinen knapp vierj\u00e4hrigen Enkel Ivan-Fr\u00e9d\u00e9ric&#8230; <a class=\"more-link\" href=\"https:\/\/circus-knie-fan.ch\/kniepedia\/2005fredy-knie-jun-%c2%b7-ivan-fredericfreiheitsdressurch\/\">Weiterlesen &rarr;<\/a><\/p>\n","protected":false},"author":1,"featured_media":2953,"comment_status":"closed","ping_status":"closed","sticky":false,"template":"","format":"standard","meta":{"_crdt_document":"","ngg_post_thumbnail":0,"footnotes":""},"categories":[2042],"tags":[2680,2701,2249,2230,2063,2245],"class_list":["post-17464","post","type-post","status-publish","format-standard","has-post-thumbnail","hentry","category-2042","tag-6-generation","tag-8-generation","tag-familie-knie","tag-fredy-jun","tag-freiheitsdressur","tag-ivan-frederic"],"_links":{"self":[{"href":"https:\/\/circus-knie-fan.ch\/kniepedia\/wp-json\/wp\/v2\/posts\/17464","targetHints":{"allow":["GET"]}}],"collection":[{"href":"https:\/\/circus-knie-fan.ch\/kniepedia\/wp-json\/wp\/v2\/posts"}],"about":[{"href":"https:\/\/circus-knie-fan.ch\/kniepedia\/wp-json\/wp\/v2\/types\/post"}],"author":[{"embeddable":true,"href":"https:\/\/circus-knie-fan.ch\/kniepedia\/wp-json\/wp\/v2\/users\/1"}],"replies":[{"embeddable":true,"href":"https:\/\/circus-knie-fan.ch\/kniepedia\/wp-json\/wp\/v2\/comments?post=17464"}],"version-history":[{"count":17,"href":"https:\/\/circus-knie-fan.ch\/kniepedia\/wp-json\/wp\/v2\/posts\/17464\/revisions"}],"predecessor-version":[{"id":40391,"href":"https:\/\/circus-knie-fan.ch\/kniepedia\/wp-json\/wp\/v2\/posts\/17464\/revisions\/40391"}],"wp:featuredmedia":[{"embeddable":true,"href":"https:\/\/circus-knie-fan.ch\/kniepedia\/wp-json\/wp\/v2\/media\/2953"}],"wp:attachment":[{"href":"https:\/\/circus-knie-fan.ch\/kniepedia\/wp-json\/wp\/v2\/media?parent=17464"}],"wp:term":[{"taxonomy":"category","embeddable":true,"href":"https:\/\/circus-knie-fan.ch\/kniepedia\/wp-json\/wp\/v2\/categories?post=17464"},{"taxonomy":"post_tag","embeddable":true,"href":"https:\/\/circus-knie-fan.ch\/kniepedia\/wp-json\/wp\/v2\/tags?post=17464"}],"curies":[{"name":"wp","href":"https:\/\/api.w.org\/{rel}","templated":true}]}}