{"id":17023,"date":"1961-01-02T12:00:00","date_gmt":"1961-01-02T11:00:00","guid":{"rendered":"https:\/\/circus-knie-fan.ch\/kniepedia1961-rivels-3\/"},"modified":"2022-09-23T10:35:20","modified_gmt":"2022-09-23T09:35:20","slug":"1961rivels-3clownse","status":"publish","type":"post","link":"https:\/\/circus-knie-fan.ch\/kniepedia\/1961rivels-3clownse\/","title":{"rendered":"<span class=\"c_jahrtitel\">1961<\/span><br>Rivels, 3<br><span class=\"c_sparte\">Clowns<\/span><br><span class=\"c_nation\">E<\/span>"},"content":{"rendered":"<p class=\"c_bildlegende\">vo. Rogelio, Weissclown Ren\u00e9 und Celito<\/p>\n<hr>\n<p class=\"c_notizen\">Ren\u00e9 [1904-1976], Celito [eigtl.Marcel] und Rogelio [eigtl. Roger] Rivels;<br \/>\n2. Saison nach 1954<\/p>\n<hr>\n<p><img loading=\"lazy\" decoding=\"async\" class=\"alignnone wp-image-45426\" src=\"https:\/\/circus-knie-fan.ch\/kniepedia\/wp-content\/uploads\/1961\/01\/1961_Rivels_R_Ce_Ro_240.jpg\" alt=\"\" width=\"698\" height=\"557\" srcset=\"https:\/\/circus-knie-fan.ch\/kniepedia\/wp-content\/uploads\/1961\/01\/1961_Rivels_R_Ce_Ro_240.jpg 2268w, https:\/\/circus-knie-fan.ch\/kniepedia\/wp-content\/uploads\/1961\/01\/1961_Rivels_R_Ce_Ro_240-300x239.jpg 300w, https:\/\/circus-knie-fan.ch\/kniepedia\/wp-content\/uploads\/1961\/01\/1961_Rivels_R_Ce_Ro_240-500x399.jpg 500w, https:\/\/circus-knie-fan.ch\/kniepedia\/wp-content\/uploads\/1961\/01\/1961_Rivels_R_Ce_Ro_240-768x613.jpg 768w, https:\/\/circus-knie-fan.ch\/kniepedia\/wp-content\/uploads\/1961\/01\/1961_Rivels_R_Ce_Ro_240-1536x1225.jpg 1536w, https:\/\/circus-knie-fan.ch\/kniepedia\/wp-content\/uploads\/1961\/01\/1961_Rivels_R_Ce_Ro_240-2048x1634.jpg 2048w, https:\/\/circus-knie-fan.ch\/kniepedia\/wp-content\/uploads\/1961\/01\/1961_Rivels_R_Ce_Ro_240-600x479.jpg 600w, https:\/\/circus-knie-fan.ch\/kniepedia\/wp-content\/uploads\/1961\/01\/1961_Rivels_R_Ce_Ro_240-945x754.jpg 945w\" sizes=\"auto, (max-width: 698px) 100vw, 698px\" \/><\/p>\n<p>vl Ren\u00e9, Celito und Rogelio bei einer Jam-Session.<\/p>\n<hr>\n<p class=\"c_notizen\">C\u00e9lito Rivel mit Charles Chaplin im Wohnwagen Nr. 29 von Frau Margrit Knie-Lippuner (4.Generation) am 18. Oktober 1961 in Lausanne VD:<br \/>\n<a href=\"https:\/\/circus-knie-fan.ch\/kniepedia\/wp-content\/uploads\/1961\/01\/Charles-Chaplin-mit-Ce\u0301lito-Rivel-im-Wohnwagen-No-29-von-Margrit-Knie-18.-Oktober-1961-images.jpg\"><img loading=\"lazy\" decoding=\"async\" class=\"alignnone wp-image-43088\" src=\"https:\/\/circus-knie-fan.ch\/kniepedia\/wp-content\/uploads\/1961\/01\/Charles-Chaplin-mit-Ce\u0301lito-Rivel-im-Wohnwagen-No-29-von-Margrit-Knie-18.-Oktober-1961-images.jpg\" alt=\"\" width=\"303\" height=\"304\" srcset=\"https:\/\/circus-knie-fan.ch\/kniepedia\/wp-content\/uploads\/1961\/01\/Charles-Chaplin-mit-Ce\u0301lito-Rivel-im-Wohnwagen-No-29-von-Margrit-Knie-18.-Oktober-1961-images.jpg 224w, https:\/\/circus-knie-fan.ch\/kniepedia\/wp-content\/uploads\/1961\/01\/Charles-Chaplin-mit-Ce\u0301lito-Rivel-im-Wohnwagen-No-29-von-Margrit-Knie-18.-Oktober-1961-images-150x150.jpg 150w\" sizes=\"auto, (max-width: 303px) 100vw, 303px\" \/><\/a><br \/>\nDer damalige Pressesekret\u00e4r Chris Krenger hielt den Augenblick ebenfalls auf Polaroid fest:<br \/>\nrechts Weissclown Ren\u00e9 und dann Celito Rivels, CHarles und Oana Chaplin.<br \/>\n<img loading=\"lazy\" decoding=\"async\" class=\"alignnone size-full wp-image-44994\" src=\"https:\/\/circus-knie-fan.ch\/kniepedia\/wp-content\/uploads\/1961\/01\/1961_Rivels_Chaplin_240_on.jpg\" alt=\"\" width=\"2268\" height=\"1142\" srcset=\"https:\/\/circus-knie-fan.ch\/kniepedia\/wp-content\/uploads\/1961\/01\/1961_Rivels_Chaplin_240_on.jpg 2268w, https:\/\/circus-knie-fan.ch\/kniepedia\/wp-content\/uploads\/1961\/01\/1961_Rivels_Chaplin_240_on-300x151.jpg 300w, https:\/\/circus-knie-fan.ch\/kniepedia\/wp-content\/uploads\/1961\/01\/1961_Rivels_Chaplin_240_on-500x252.jpg 500w, https:\/\/circus-knie-fan.ch\/kniepedia\/wp-content\/uploads\/1961\/01\/1961_Rivels_Chaplin_240_on-768x387.jpg 768w, https:\/\/circus-knie-fan.ch\/kniepedia\/wp-content\/uploads\/1961\/01\/1961_Rivels_Chaplin_240_on-1536x773.jpg 1536w, https:\/\/circus-knie-fan.ch\/kniepedia\/wp-content\/uploads\/1961\/01\/1961_Rivels_Chaplin_240_on-2048x1031.jpg 2048w, https:\/\/circus-knie-fan.ch\/kniepedia\/wp-content\/uploads\/1961\/01\/1961_Rivels_Chaplin_240_on-600x302.jpg 600w, https:\/\/circus-knie-fan.ch\/kniepedia\/wp-content\/uploads\/1961\/01\/1961_Rivels_Chaplin_240_on-945x476.jpg 945w\" sizes=\"auto, (max-width: 2268px) 100vw, 2268px\" \/><\/p>\n","protected":false},"excerpt":{"rendered":"<p>vo. Rogelio, Weissclown Ren\u00e9 und Celito Ren\u00e9 [1904-1976], Celito [eigtl.Marcel] und Rogelio [eigtl. Roger] Rivels; 2. Saison nach 1954 vl Ren\u00e9, Celito und Rogelio bei einer Jam-Session. C\u00e9lito Rivel mit Charles Chaplin im Wohnwagen Nr. 29 von Frau Margrit Knie-Lippuner&#8230; <a class=\"more-link\" href=\"https:\/\/circus-knie-fan.ch\/kniepedia\/1961rivels-3clownse\/\">Weiterlesen &rarr;<\/a><\/p>\n","protected":false},"author":1,"featured_media":36861,"comment_status":"closed","ping_status":"closed","sticky":false,"template":"","format":"standard","meta":{"_crdt_document":"","ngg_post_thumbnail":0,"footnotes":""},"categories":[1988],"tags":[2727,2594,2067,2620,2295,2841],"class_list":["post-17023","post","type-post","status-publish","format-standard","has-post-thumbnail","hentry","category-1988","tag-celito-rivel","tag-charlie-chaplin","tag-clowns","tag-polo-rivels","tag-rivels","tag-weissclown"],"_links":{"self":[{"href":"https:\/\/circus-knie-fan.ch\/kniepedia\/wp-json\/wp\/v2\/posts\/17023","targetHints":{"allow":["GET"]}}],"collection":[{"href":"https:\/\/circus-knie-fan.ch\/kniepedia\/wp-json\/wp\/v2\/posts"}],"about":[{"href":"https:\/\/circus-knie-fan.ch\/kniepedia\/wp-json\/wp\/v2\/types\/post"}],"author":[{"embeddable":true,"href":"https:\/\/circus-knie-fan.ch\/kniepedia\/wp-json\/wp\/v2\/users\/1"}],"replies":[{"embeddable":true,"href":"https:\/\/circus-knie-fan.ch\/kniepedia\/wp-json\/wp\/v2\/comments?post=17023"}],"version-history":[{"count":14,"href":"https:\/\/circus-knie-fan.ch\/kniepedia\/wp-json\/wp\/v2\/posts\/17023\/revisions"}],"predecessor-version":[{"id":45469,"href":"https:\/\/circus-knie-fan.ch\/kniepedia\/wp-json\/wp\/v2\/posts\/17023\/revisions\/45469"}],"wp:featuredmedia":[{"embeddable":true,"href":"https:\/\/circus-knie-fan.ch\/kniepedia\/wp-json\/wp\/v2\/media\/36861"}],"wp:attachment":[{"href":"https:\/\/circus-knie-fan.ch\/kniepedia\/wp-json\/wp\/v2\/media?parent=17023"}],"wp:term":[{"taxonomy":"category","embeddable":true,"href":"https:\/\/circus-knie-fan.ch\/kniepedia\/wp-json\/wp\/v2\/categories?post=17023"},{"taxonomy":"post_tag","embeddable":true,"href":"https:\/\/circus-knie-fan.ch\/kniepedia\/wp-json\/wp\/v2\/tags?post=17023"}],"curies":[{"name":"wp","href":"https:\/\/api.w.org\/{rel}","templated":true}]}}