{"id":16225,"date":"1928-01-02T12:00:00","date_gmt":"1928-01-02T11:00:00","guid":{"rendered":"https:\/\/circus-knie-fan.ch\/kniepedia1928-elionores-trio\/"},"modified":"2021-06-10T08:33:55","modified_gmt":"2021-06-10T07:33:55","slug":"1928elionores-trioparterreakrobatik","status":"publish","type":"post","link":"https:\/\/circus-knie-fan.ch\/kniepedia\/1928elionores-trioparterreakrobatik\/","title":{"rendered":"<span class=\"c_jahrtitel\">1928<\/span><br>Elionores, Trio<br><span class=\"c_sparte\">Parterreakrobatik<\/span><br><span class=\"c_nation\">CH<\/span>"},"content":{"rendered":"<p class=\"c_notizen\">So nennen sich die Junioren der 5. Generation <strong>Eliane<\/strong> (Namensgeberin der Nummer), <strong>Fredy<\/strong> und <strong>Rolf Knie<\/strong> in einem Equilibristik-Akt.<\/p>\n<p><strong>Eliane Knie (*1915)<\/strong>, Tochter von <strong>H\u00e9l\u00e8ne und Eugen Knie-Zeller;<\/strong><br \/>\n<strong>Fredy (*1920)&nbsp;<\/strong>und<strong> Rolf Knie (*1921)<\/strong>, S\u00f6hne von <strong>Margrit <\/strong>und<strong> Friedrich Knie-Lippuner<br \/>\n<a href=\"https:\/\/circus-knie-fan.ch\/kniepedia\/wp-content\/uploads\/1928\/01\/1928_Eliane.jpg\"><img loading=\"lazy\" decoding=\"async\" class=\"alignnone wp-image-38843\" src=\"https:\/\/circus-knie-fan.ch\/kniepedia\/wp-content\/uploads\/1928\/01\/1928_Eliane.jpg\" alt=\"\" width=\"516\" height=\"790\" srcset=\"https:\/\/circus-knie-fan.ch\/kniepedia\/wp-content\/uploads\/1928\/01\/1928_Eliane.jpg 925w, https:\/\/circus-knie-fan.ch\/kniepedia\/wp-content\/uploads\/1928\/01\/1928_Eliane-196x300.jpg 196w, https:\/\/circus-knie-fan.ch\/kniepedia\/wp-content\/uploads\/1928\/01\/1928_Eliane-668x1024.jpg 668w, https:\/\/circus-knie-fan.ch\/kniepedia\/wp-content\/uploads\/1928\/01\/1928_Eliane-768x1176.jpg 768w, https:\/\/circus-knie-fan.ch\/kniepedia\/wp-content\/uploads\/1928\/01\/1928_Eliane-600x919.jpg 600w\" sizes=\"auto, (max-width: 516px) 100vw, 516px\" \/><\/a><br \/>\n<\/strong><\/p>\n","protected":false},"excerpt":{"rendered":"<p>So nennen sich die Junioren der 5. Generation Eliane (Namensgeberin der Nummer), Fredy und Rolf Knie in einem Equilibristik-Akt. Eliane Knie (*1915), Tochter von H\u00e9l\u00e8ne und Eugen Knie-Zeller; Fredy (*1920)&nbsp;und Rolf Knie (*1921), S\u00f6hne von Margrit und Friedrich Knie-Lippuner<\/p>\n","protected":false},"author":1,"featured_media":38841,"comment_status":"closed","ping_status":"closed","sticky":false,"template":"","format":"standard","meta":{"_crdt_document":"","ngg_post_thumbnail":0,"footnotes":""},"categories":[12],"tags":[2539,2613,2265,2269,2260,2261,2078,2264],"class_list":["post-16225","post","type-post","status-publish","format-standard","has-post-thumbnail","hentry","category-12","tag-4-generation","tag-5-generation","tag-eliane-knie","tag-eugen-knie","tag-fredy-knie-sen","tag-friedrich-knie","tag-parterreakrobatik","tag-rolf-knie-sen"],"_links":{"self":[{"href":"https:\/\/circus-knie-fan.ch\/kniepedia\/wp-json\/wp\/v2\/posts\/16225","targetHints":{"allow":["GET"]}}],"collection":[{"href":"https:\/\/circus-knie-fan.ch\/kniepedia\/wp-json\/wp\/v2\/posts"}],"about":[{"href":"https:\/\/circus-knie-fan.ch\/kniepedia\/wp-json\/wp\/v2\/types\/post"}],"author":[{"embeddable":true,"href":"https:\/\/circus-knie-fan.ch\/kniepedia\/wp-json\/wp\/v2\/users\/1"}],"replies":[{"embeddable":true,"href":"https:\/\/circus-knie-fan.ch\/kniepedia\/wp-json\/wp\/v2\/comments?post=16225"}],"version-history":[{"count":12,"href":"https:\/\/circus-knie-fan.ch\/kniepedia\/wp-json\/wp\/v2\/posts\/16225\/revisions"}],"predecessor-version":[{"id":38856,"href":"https:\/\/circus-knie-fan.ch\/kniepedia\/wp-json\/wp\/v2\/posts\/16225\/revisions\/38856"}],"wp:featuredmedia":[{"embeddable":true,"href":"https:\/\/circus-knie-fan.ch\/kniepedia\/wp-json\/wp\/v2\/media\/38841"}],"wp:attachment":[{"href":"https:\/\/circus-knie-fan.ch\/kniepedia\/wp-json\/wp\/v2\/media?parent=16225"}],"wp:term":[{"taxonomy":"category","embeddable":true,"href":"https:\/\/circus-knie-fan.ch\/kniepedia\/wp-json\/wp\/v2\/categories?post=16225"},{"taxonomy":"post_tag","embeddable":true,"href":"https:\/\/circus-knie-fan.ch\/kniepedia\/wp-json\/wp\/v2\/tags?post=16225"}],"curies":[{"name":"wp","href":"https:\/\/api.w.org\/{rel}","templated":true}]}}