{"id":16193,"date":"1932-01-02T12:00:00","date_gmt":"1932-01-02T11:00:00","guid":{"rendered":"https:\/\/circus-knie-fan.ch\/kniepedia1932-escamillos\/"},"modified":"2021-05-25T17:03:38","modified_gmt":"2021-05-25T16:03:38","slug":"1932escamillosballett","status":"publish","type":"post","link":"https:\/\/circus-knie-fan.ch\/kniepedia\/1932escamillosballett\/","title":{"rendered":"<span class=\"c_jahrtitel\">1932<\/span><br>Escamillos<br><span class=\"c_sparte\">Ballett<\/span><br><span class=\"c_nation\">A<\/span>"},"content":{"rendered":"<p class=\"c_notizen\">8 Damen und 1 Herr, Ballettmeister und Violonist Escamillo; 2. Saison nach 1931, Re-Engagement<br \/>\nEscamillo ist geb\u00fcrtiger \u00d6sterreicher und arbeitet jahrelang f\u00fcr Sarrasani als T\u00e4nzer und Choreograph;<br \/>\n\u2020 16. August 1979 in Wien, 89j\u00e4hrig<\/p>\n<p class=\"c_notizen\">Bild: Allerliebst!<br \/>\n<a href=\"https:\/\/circus-knie-fan.ch\/kniepedia\/wp-content\/uploads\/1932\/01\/32_Escamillo.jpg\"><img loading=\"lazy\" decoding=\"async\" class=\"alignnone wp-image-38348\" src=\"https:\/\/circus-knie-fan.ch\/kniepedia\/wp-content\/uploads\/1932\/01\/32_Escamillo.jpg\" alt=\"\" width=\"551\" height=\"388\" srcset=\"https:\/\/circus-knie-fan.ch\/kniepedia\/wp-content\/uploads\/1932\/01\/32_Escamillo.jpg 1417w, https:\/\/circus-knie-fan.ch\/kniepedia\/wp-content\/uploads\/1932\/01\/32_Escamillo-300x211.jpg 300w, https:\/\/circus-knie-fan.ch\/kniepedia\/wp-content\/uploads\/1932\/01\/32_Escamillo-1024x721.jpg 1024w, https:\/\/circus-knie-fan.ch\/kniepedia\/wp-content\/uploads\/1932\/01\/32_Escamillo-768x541.jpg 768w, https:\/\/circus-knie-fan.ch\/kniepedia\/wp-content\/uploads\/1932\/01\/32_Escamillo-600x423.jpg 600w, https:\/\/circus-knie-fan.ch\/kniepedia\/wp-content\/uploads\/1932\/01\/32_Escamillo-945x666.jpg 945w\" sizes=\"auto, (max-width: 551px) 100vw, 551px\" \/><\/a><\/p>\n","protected":false},"excerpt":{"rendered":"<p>8 Damen und 1 Herr, Ballettmeister und Violonist Escamillo; 2. Saison nach 1931, Re-Engagement Escamillo ist geb\u00fcrtiger \u00d6sterreicher und arbeitet jahrelang f\u00fcr Sarrasani als T\u00e4nzer und Choreograph; \u2020 16. August 1979 in Wien, 89j\u00e4hrig Bild: Allerliebst!<\/p>\n","protected":false},"author":1,"featured_media":38349,"comment_status":"closed","ping_status":"closed","sticky":false,"template":"","format":"standard","meta":{"_crdt_document":"","ngg_post_thumbnail":0,"footnotes":""},"categories":[19],"tags":[2060],"class_list":["post-16193","post","type-post","status-publish","format-standard","has-post-thumbnail","hentry","category-19","tag-ballett"],"_links":{"self":[{"href":"https:\/\/circus-knie-fan.ch\/kniepedia\/wp-json\/wp\/v2\/posts\/16193","targetHints":{"allow":["GET"]}}],"collection":[{"href":"https:\/\/circus-knie-fan.ch\/kniepedia\/wp-json\/wp\/v2\/posts"}],"about":[{"href":"https:\/\/circus-knie-fan.ch\/kniepedia\/wp-json\/wp\/v2\/types\/post"}],"author":[{"embeddable":true,"href":"https:\/\/circus-knie-fan.ch\/kniepedia\/wp-json\/wp\/v2\/users\/1"}],"replies":[{"embeddable":true,"href":"https:\/\/circus-knie-fan.ch\/kniepedia\/wp-json\/wp\/v2\/comments?post=16193"}],"version-history":[{"count":11,"href":"https:\/\/circus-knie-fan.ch\/kniepedia\/wp-json\/wp\/v2\/posts\/16193\/revisions"}],"predecessor-version":[{"id":38353,"href":"https:\/\/circus-knie-fan.ch\/kniepedia\/wp-json\/wp\/v2\/posts\/16193\/revisions\/38353"}],"wp:featuredmedia":[{"embeddable":true,"href":"https:\/\/circus-knie-fan.ch\/kniepedia\/wp-json\/wp\/v2\/media\/38349"}],"wp:attachment":[{"href":"https:\/\/circus-knie-fan.ch\/kniepedia\/wp-json\/wp\/v2\/media?parent=16193"}],"wp:term":[{"taxonomy":"category","embeddable":true,"href":"https:\/\/circus-knie-fan.ch\/kniepedia\/wp-json\/wp\/v2\/categories?post=16193"},{"taxonomy":"post_tag","embeddable":true,"href":"https:\/\/circus-knie-fan.ch\/kniepedia\/wp-json\/wp\/v2\/tags?post=16193"}],"curies":[{"name":"wp","href":"https:\/\/api.w.org\/{rel}","templated":true}]}}