{"id":16099,"date":"1931-01-02T12:00:00","date_gmt":"1931-01-02T11:00:00","guid":{"rendered":"https:\/\/circus-knie-fan.ch\/kniepedia1931-escamillos\/"},"modified":"2021-05-27T20:06:18","modified_gmt":"2021-05-27T19:06:18","slug":"1931escamillosballette","status":"publish","type":"post","link":"https:\/\/circus-knie-fan.ch\/kniepedia\/1931escamillosballette\/","title":{"rendered":"<span class=\"c_jahrtitel\">1931<\/span><br>Escamillos<br><span class=\"c_sparte\">Ballett<\/span><br><span class=\"c_nation\">E<\/span>"},"content":{"rendered":"<p class=\"c_notizen\">10 Damen, 2 Herren;<br \/>\nEscamillo ist geb\u00fcrtiger \u00d6sterreicher und arbeitete jahrelang f\u00fcr Sarrasani als T\u00e4nzer und Choreograph;<br \/>\n\u2020 16. August 1979 in Wien, 89j\u00e4hrig<br \/>\n<a href=\"https:\/\/circus-knie-fan.ch\/kniepedia\/wp-content\/uploads\/1931\/01\/1931_Escamillo_2.jpg\"><img loading=\"lazy\" decoding=\"async\" class=\"alignnone wp-image-38411\" src=\"https:\/\/circus-knie-fan.ch\/kniepedia\/wp-content\/uploads\/1931\/01\/1931_Escamillo_2.jpg\" alt=\"\" width=\"728\" height=\"484\" srcset=\"https:\/\/circus-knie-fan.ch\/kniepedia\/wp-content\/uploads\/1931\/01\/1931_Escamillo_2.jpg 1949w, https:\/\/circus-knie-fan.ch\/kniepedia\/wp-content\/uploads\/1931\/01\/1931_Escamillo_2-300x200.jpg 300w, https:\/\/circus-knie-fan.ch\/kniepedia\/wp-content\/uploads\/1931\/01\/1931_Escamillo_2-1024x681.jpg 1024w, https:\/\/circus-knie-fan.ch\/kniepedia\/wp-content\/uploads\/1931\/01\/1931_Escamillo_2-768x511.jpg 768w, https:\/\/circus-knie-fan.ch\/kniepedia\/wp-content\/uploads\/1931\/01\/1931_Escamillo_2-1536x1022.jpg 1536w, https:\/\/circus-knie-fan.ch\/kniepedia\/wp-content\/uploads\/1931\/01\/1931_Escamillo_2-600x399.jpg 600w, https:\/\/circus-knie-fan.ch\/kniepedia\/wp-content\/uploads\/1931\/01\/1931_Escamillo_2-945x629.jpg 945w\" sizes=\"auto, (max-width: 728px) 100vw, 728px\" \/><\/a><\/p>\n","protected":false},"excerpt":{"rendered":"<p>10 Damen, 2 Herren; Escamillo ist geb\u00fcrtiger \u00d6sterreicher und arbeitete jahrelang f\u00fcr Sarrasani als T\u00e4nzer und Choreograph; \u2020 16. August 1979 in Wien, 89j\u00e4hrig<\/p>\n","protected":false},"author":1,"featured_media":38409,"comment_status":"closed","ping_status":"closed","sticky":false,"template":"","format":"standard","meta":{"_crdt_document":"","ngg_post_thumbnail":0,"footnotes":""},"categories":[18],"tags":[2060],"class_list":["post-16099","post","type-post","status-publish","format-standard","has-post-thumbnail","hentry","category-18","tag-ballett"],"_links":{"self":[{"href":"https:\/\/circus-knie-fan.ch\/kniepedia\/wp-json\/wp\/v2\/posts\/16099","targetHints":{"allow":["GET"]}}],"collection":[{"href":"https:\/\/circus-knie-fan.ch\/kniepedia\/wp-json\/wp\/v2\/posts"}],"about":[{"href":"https:\/\/circus-knie-fan.ch\/kniepedia\/wp-json\/wp\/v2\/types\/post"}],"author":[{"embeddable":true,"href":"https:\/\/circus-knie-fan.ch\/kniepedia\/wp-json\/wp\/v2\/users\/1"}],"replies":[{"embeddable":true,"href":"https:\/\/circus-knie-fan.ch\/kniepedia\/wp-json\/wp\/v2\/comments?post=16099"}],"version-history":[{"count":7,"href":"https:\/\/circus-knie-fan.ch\/kniepedia\/wp-json\/wp\/v2\/posts\/16099\/revisions"}],"predecessor-version":[{"id":38412,"href":"https:\/\/circus-knie-fan.ch\/kniepedia\/wp-json\/wp\/v2\/posts\/16099\/revisions\/38412"}],"wp:featuredmedia":[{"embeddable":true,"href":"https:\/\/circus-knie-fan.ch\/kniepedia\/wp-json\/wp\/v2\/media\/38409"}],"wp:attachment":[{"href":"https:\/\/circus-knie-fan.ch\/kniepedia\/wp-json\/wp\/v2\/media?parent=16099"}],"wp:term":[{"taxonomy":"category","embeddable":true,"href":"https:\/\/circus-knie-fan.ch\/kniepedia\/wp-json\/wp\/v2\/categories?post=16099"},{"taxonomy":"post_tag","embeddable":true,"href":"https:\/\/circus-knie-fan.ch\/kniepedia\/wp-json\/wp\/v2\/tags?post=16099"}],"curies":[{"name":"wp","href":"https:\/\/api.w.org\/{rel}","templated":true}]}}